{"id":524,"date":"2024-07-26T13:00:10","date_gmt":"2024-07-26T13:00:10","guid":{"rendered":"https:\/\/contratarplanosdesaude.com.br\/corretora-medsenior\/?p=524"},"modified":"2025-05-08T15:07:37","modified_gmt":"2025-05-08T15:07:37","slug":"tabela-medsenior-sao-paulo-2024","status":"publish","type":"post","link":"https:\/\/contratarplanosdesaude.com.br\/corretora-medsenior\/tabela-medsenior-sao-paulo-2024\/","title":{"rendered":"Tabela Meds\u00eanior S\u00e3o Paulo 2024"},"content":{"rendered":"<h2>Plano MedS\u00eanior em S\u00e3o Paulo<\/h2>\n<div class=\"FlexTextBlockstyles__Content-sc-12p1w1r-2 iXFoSt\">\n<div class=\"FlexTextBlockstyles__ContentText-sc-12p1w1r-3 hCDKbh\">\n<p>Voc\u00ea procura um plano de sa\u00fade voltado especialmente para a terceira idade? A MedS\u00eanior \u00e9 a op\u00e7\u00e3o perfeita para voc\u00ea! E agora, com a parceria com os corretores, fazer sua cota\u00e7\u00e3o ficou ainda mais f\u00e1cil e conveniente. N\u00e3o perca tempo e descubra os benef\u00edcios que a MedS\u00eanior pode oferecer para sua sa\u00fade e bem-estar!<\/p>\n<p>Ao escolher a MedS\u00eanior, voc\u00ea ter\u00e1 acesso a uma\u00a0<strong>rede credenciada de qualidade<\/strong>, com hospitais renomados, cl\u00ednicas especializadas e profissionais capacitados para cuidar da sua sa\u00fade da melhor forma poss\u00edvel.<\/p>\n<h2>Rede de Hospitais Meds\u00eanior S\u00e3o Paulo<\/h2>\n<p>A rede credenciada de hospitais da MedS\u00eanior funciona de\u00a0forma integrada e abrangente. Por meio de parcerias estrat\u00e9gicas, a empresa estabelece acordos com uma ampla gama de institui\u00e7\u00f5es de sa\u00fade, incluindo hospitais renomados, cl\u00ednicas especializadas e laborat\u00f3rios de qualidade.<\/p>\n<p>Atrav\u00e9s dessa extensa rede, os benefici\u00e1rios dos planos MedS\u00eanior t\u00eam acesso a uma\u00a0variedade de op\u00e7\u00f5es de atendimento m\u00e9dico-hospitalar. Essa abrang\u00eancia permite que os pacientes escolham entre diferentes locais e profissionais de sa\u00fade, de acordo com suas necessidades e prefer\u00eancias.<\/p>\n<p>Os hospitais credenciados pela MedS\u00eanior s\u00e3o selecionados com crit\u00e9rios rigorosos, levando em considera\u00e7\u00e3o a qualidade dos servi\u00e7os oferecidos, a expertise dos profissionais, a infraestrutura adequada e o compromisso com a excel\u00eancia no atendimento aos idosos. Dessa forma, a empresa garante que seus benefici\u00e1rios tenham acesso a cuidados de sa\u00fade confi\u00e1veis e de alto padr\u00e3o.<\/p>\n<\/div>\n<\/div>\n<p style=\"text-align: center;\"><span style=\"font-size: 130%;\"><a href=\"https:\/\/contratarplanosdesaude.com.br\/corretora-medsenior\/wp-content\/uploads\/2024\/07\/Tabela-medsenior-sao-paulo-julho-2024.pdf\" target=\"_blank\" rel=\"noopener\"><span style=\"color: #00a859;\"><i class=\"fas fa-check-square-o\"><\/i><\/span> Confira abaixo a Tabela do Plano Meds\u00eanior Sa\u00fade em S\u00e3o Paulo.<\/a><\/span><\/p>\n<p><object data=\"https:\/\/contratarplanosdesaude.com.br\/corretora-medsenior\/wp-content\/uploads\/2024\/07\/Tabela-medsenior-sao-paulo-julho-2024.pdf\" type=\"application\/pdf\" width=\"100%\" height=\"1200px\">Parece que voc\u00ea n\u00e3o tem um plugin necess\u00e1rio para a abertura desse arquivo no seu navegador.<a href=\"https:\/\/contratarplanosdesaude.com.br\/corretora-medsenior\/wp-content\/uploads\/2024\/07\/Tabela-medsenior-sao-paulo-julho-2024.pdf\">Clique aqui para baixar o arquivo em PDF<\/a>\u00a0<\/object><\/p>\n<div class=\"row\"  id=\"row-1386203962\">\n\n\t<div id=\"col-1859960978\" class=\"col small-12 large-12\"  >\n\t\t\t\t<div class=\"col-inner dark\" style=\"background-color:#197e4e;\" >\n\t\t\t\n\t\t\t\n<p><strong><span style=\"font-size: 120%;\">Aten\u00e7\u00e3o:<\/span><\/strong><\/p>\n<p>As informa\u00e7\u00f5es sobre rede de atendimento e valores dos Plano de sa\u00fade MedSenior contidos neste website podem sofrer altera\u00e7\u00e3o a qualquer momento e sem aviso pr\u00e9vio.<\/p>\n<p>Antes da efetiva\u00e7\u00e3o da contrata\u00e7\u00e3o do\u00a0<a href=\"https:\/\/contratarplanosdesaude.com.br\/corretora-medsenior\/\" target=\"_blank\" rel=\"noopener\"><strong>Plano de sa\u00fade MedSenior<\/strong><\/a> certifique-se junto a um corretor credenciado qual tabela de pre\u00e7os e respectiva rede de atendimento est\u00e3o sendo disponibilizada no momento.<\/p>\n<p>Somente ap\u00f3s esta aprova\u00e7\u00e3o \u00e9 que se efetivar\u00e1 a contra\u00e7\u00e3o do conv\u00eanio m\u00e9dico.<\/p>\n\t\t<\/div>\n\t\t\t\t\n<style>\n#col-1859960978 > .col-inner {\n  padding: 15px 15px 15px 15px;\n}\n<\/style>\n\t<\/div>\n\n\t\n<\/div>\n<div class=\"row\"  id=\"row-26945876\">\n\n\n\t<div id=\"col-672128896\" class=\"col small-12 large-12\"  >\n\t\t\t\t<div class=\"col-inner box-shadow-2\"  >\n\t\t\t\n\t\t\t\n\n<div class=\"accordion\">\n\n<div id=\"accordion-4005283242\" class=\"accordion-item\"><a id=\"accordion-4005283242-label\" href=\"#\" class=\"accordion-title plain\" aria-expanded=\"false\" aria-controls=\"accordion-4005283242-content\"><button class=\"toggle\" aria-label=\"Toggle\"><i class=\"icon-angle-down\"><\/i><\/button><span>Acabei de contratar meu plano MedS\u00eanior o que fa\u00e7o agora?<\/span><\/a><div id=\"accordion-4005283242-content\" class=\"accordion-inner\" aria-labelledby=\"accordion-4005283242-label\">\n\n<div id=\"rd-text-l7g691g5\" class=\"bricks--component bricks--component-text rd-text\">\n<p>Tenha sempre em m\u00e3os o n\u00famero da sua carteirinha. Voc\u00ea poder\u00e1 ter acesso atrav\u00e9s do portal do benefici\u00e1rio. Nesse primeiro acesso ao novo portal, voc\u00ea dever\u00e1 seguir os passos abaixo:<\/p>\n<p>- Digitar seu CPF;<\/p>\n<p>- No campo \u201csenha\u201d, dever\u00e1 digitar o m\u00eas de nascimento, seguido pelo dia e ano, depois acrescentar as 3 primeiras letras do seu primeiro nome.<\/p>\n<p>Nesse primeiro acesso ao novo portal, voc\u00ea dever\u00e1 seguir os passos abaixo:<\/p>\n<p>Benefici\u00e1rios que tiveram ades\u00e3o antes de fevereiro\/ 2023:<\/p>\n<p>- Digitar seu CPF;<\/p>\n<p>- No campo \"senha\", dever\u00e1 digitar o m\u00eas de nascimento, seguido pelo dia e ano, depois acrescentar as 3 primeiras letras do seu primeiro nome.<\/p>\n<\/div>\n<div id=\"rd-box-lixjc9uh\" class=\"bricks--component bricks--component-box rd-box\">\n<div id=\"rd-text-lixj95tt\" class=\"bricks--component bricks--component-text rd-text\">\n<p>Exemplo: MARIA NILZA, com nascimento em 20\/06\/1970, a senha ser\u00e1\u00a0<strong>06201970mar<\/strong>. Se o primeiro nome do benefici\u00e1rio s\u00f3 tiver 2 letras, poder\u00e1 seguir com as 2 letras ap\u00f3s as informa\u00e7\u00f5es de anivers\u00e1rio.<\/p>\n<\/div>\n<\/div>\n<div id=\"rd-text-lixj9m89\" class=\"bricks--component bricks--component-text rd-text\">\n<p>Caso voc\u00ea n\u00e3o consiga acessar seguindo esses passos, poder\u00e1 clicar na op\u00e7\u00e3o \u201cRealizar meu cadastro\u201d e preencher com suas informa\u00e7\u00f5es.<\/p>\n<p>Benefici\u00e1rios que tiveram ades\u00e3o ap\u00f3s fevereiro\/ 2023:<\/p>\n<p>Clique na op\u00e7\u00e3o \u201cRealizar meu cadastro\u201d apreencher com suas informa\u00e7\u00f5es.<\/p>\n<\/div>\n<a href=\"https:\/\/seguranca.medsenior.com.br\/auth\/realms\/MilSeniorProd\/protocol\/openid-connect\/auth?client_id=portalcliente-web&#038;redirect_uri=https%3A%2F%2Fportaldocliente.medsenior.com.br%2Fbeneficiario&#038;state=8ec0e7bb-2658-4055-8c06-5ef60bf6e25b&#038;response_mode=fragment&#038;response_type=code&#038;scope=openid&#038;nonce=aa19907e-4b6f-4599-85d8-5b00b6b6fa60&#038;code_challenge=A8-n8oOHByh_eNhoEzkG88tdHaYAjbNKUdADPsIftVQ&#038;code_challenge_method=S256\" target=\"_self\" class=\"button primary reveal-icon\"  style=\"border-radius:9px;\">\n    <span>Acessar portal benefici\u00e1rio<\/span>\n  <i class=\"icon-checkmark\" aria-hidden=\"true\" ><\/i><\/a>\n\n\n\n<\/div><\/div>\n<div id=\"accordion-1859933086\" class=\"accordion-item\"><a id=\"accordion-1859933086-label\" href=\"#\" class=\"accordion-title plain\" aria-expanded=\"false\" aria-controls=\"accordion-1859933086-content\"><button class=\"toggle\" aria-label=\"Toggle\"><i class=\"icon-angle-down\"><\/i><\/button><span>Como baixar o aplicativo da MedS\u00eanior?<\/span><\/a><div id=\"accordion-1859933086-content\" class=\"accordion-inner\" aria-labelledby=\"accordion-1859933086-label\">\n\n<div id=\"rd-text-lmgl5iid\" class=\"bricks--component bricks--component-text rd-text\">\n<p>Nosso aplicativo \u00e9 gratuito e est\u00e1 dispon\u00edvel para download na\u00a0<a title=\"\" href=\"https:\/\/play.google.com\/store\/apps\/details?id=br.com.medseniorbeneficiario&amp;hl=pt_BR&amp;gl=US&amp;pli=1\" target=\"_self\" rel=\"noopener noreferrer\">Google Play Store<\/a>\u00a0e na\u00a0<a title=\"\" href=\"https:\/\/apps.apple.com\/br\/app\/meds%C3%AAnior-benefici%C3%A1rio\/id1555117925\" target=\"_self\" rel=\"noopener noreferrer\">Apple Store<\/a>. Visite a loja de aplicativos do seu smartphone, busque por \u201cMedS\u00eanior - Benefici\u00e1rios\u201d e fa\u00e7a o download. Nele, voc\u00ea poder\u00e1 acessar a nossa rede credenciada, o seu cart\u00e3o virtual e muito mais!<\/p>\n<p>Download para\u00a0<strong>Android<\/strong>,\u00a0<a title=\"null\" href=\"https:\/\/play.google.com\/store\/apps\/details?id=br.com.medseniorbeneficiario\" target=\"null\" rel=\"noopener noreferrer\">clique aqui<\/a><\/p>\n<p>Download para\u00a0<strong>App Store<\/strong>,\u00a0<a title=\"null\" href=\"https:\/\/apps.apple.com\/br\/app\/meds%C3%AAnior-benefici%C3%A1rio\/id1555117925\" target=\"null\" rel=\"noopener noreferrer\">clique aqui<\/a><\/p>\n<p>Para acessar, basta utilizar seu CPF e senha cadastrados no seu primeiro acesso.<\/p>\n<p>\u00a0<\/p>\n<p>No aplicativo voc\u00ea tem acesso:<\/p>\n<p>\u00a0<\/p>\n<ul>\n<li>Carteirinha<\/li>\n<li><a title=\"\" href=\"https:\/\/guiamedico.medsenior.com.br\/\" target=\"_self\" rel=\"noopener noreferrer\">Guia m\u00e9dico MedS\u00eanior<\/a><\/li>\n<li>2\u00aa via de boletos<\/li>\n<li>Extrato para IR<\/li>\n<li>WhatsApp MedS\u00eanior<\/li>\n<li>Atendimento &amp; Ouvidoria<\/li>\n<\/ul>\n<\/div>\n<div id=\"rd-image-liyuih2x\" class=\"bricks--component bricks--component-image rd-image\"><img decoding=\"async\" src=\"https:\/\/d335luupugsy2.cloudfront.net\/cms\/files\/84239\/1694539229\/$6dmy39raw7p\" alt=\"Carteirinha virtual\" \/><\/div>\n\n<\/div><\/div>\n<div id=\"accordion-4190482531\" class=\"accordion-item\"><a id=\"accordion-4190482531-label\" href=\"#\" class=\"accordion-title plain\" aria-expanded=\"false\" aria-controls=\"accordion-4190482531-content\"><button class=\"toggle\" aria-label=\"Toggle\"><i class=\"icon-angle-down\"><\/i><\/button><span>Como acessar minha carteirinha virtual MedS\u00eanior?<\/span><\/a><div id=\"accordion-4190482531-content\" class=\"accordion-inner\" aria-labelledby=\"accordion-4190482531-label\">\n\n<div id=\"rd-column-liyuhvll\" class=\"bricks--column rd-column\">\n<div>\n<div id=\"rd-image-lmgm5zwt\" class=\"bricks--component bricks--component-image rd-image\"><img decoding=\"async\" src=\"https:\/\/d335luupugsy2.cloudfront.net\/cms\/files\/84239\/1686932158\/$m20zm0wrwj\" alt=\"Carteirinha virtual\" \/><\/div>\n<\/div>\n<\/div>\n<div id=\"rd-column-liyuhthn\" class=\"bricks--column rd-column\">\n<div>\n<div id=\"rd-text-lixj7u0j\" class=\"bricks--component bricks--component-text rd-text\">\n<p>A carteirinha virtual da MedS\u00eanior est\u00e1 dispon\u00edvel no nosso app e no portal do benefici\u00e1rio. Para encontr\u00e1-lo, acesse a aba Clientes, voc\u00ea ser\u00e1 direcionado para o portal do benefici\u00e1rio. Na p\u00e1gina principal, selecione a op\u00e7\u00e3o Minha Carteirinha.<\/p>\n<p>\u00c9 importante apresentar sua carteirinha, f\u00edsica ou virtual, junto a um documento com foto, quando for ao m\u00e9dico, hospital, realizar exames ou visitas a nossa rede pr\u00f3pria.<\/p>\n<p>Nas redes pr\u00f3prias, sempre te atenderemos com a carteirinha virtual. Para a\u00a0<a title=\"\" href=\"https:\/\/www.medsenior.com.br\/artigos\/o-que-e-rede-credenciada-em-planos-de-saude\" target=\"_self\" rel=\"noopener noreferrer\">rede credenciada<\/a>, lembre-se de checar se ela tamb\u00e9m poder\u00e1 ser usada.\u00a0<\/p>\n<\/div>\n<\/div>\n<\/div>\n<a href=\"https:\/\/seguranca.medsenior.com.br\/auth\/realms\/MilSeniorProd\/protocol\/openid-connect\/auth?client_id=portalcliente-web&#038;redirect_uri=https%3A%2F%2Fportaldocliente.medsenior.com.br%2Fbeneficiario&#038;state=230bb28c-a252-4f45-93bf-66a60b15b4e2&#038;response_mode=fragment&#038;response_type=code&#038;scope=openid&#038;nonce=fbf2bde2-6e99-4c53-9459-54c8cc6f5173&#038;code_challenge=IrzYbxSlygJTYUWx-kAmzT2PjM1X7QZ2OP8p1h7iOVg&#038;code_challenge_method=S256\" target=\"_self\" class=\"button primary reveal-icon\"  style=\"border-radius:9px;\">\n    <span>Acessar portal benefici\u00e1rio<\/span>\n  <i class=\"icon-checkmark\" aria-hidden=\"true\" ><\/i><\/a>\n\n\n\n<\/div><\/div>\n<div id=\"accordion-2281401377\" class=\"accordion-item\"><a id=\"accordion-2281401377-label\" href=\"#\" class=\"accordion-title plain\" aria-expanded=\"false\" aria-controls=\"accordion-2281401377-content\"><button class=\"toggle\" aria-label=\"Toggle\"><i class=\"icon-angle-down\"><\/i><\/button><span>Como fa\u00e7o para alterar meus dados?<\/span><\/a><div id=\"accordion-2281401377-content\" class=\"accordion-inner\" aria-labelledby=\"accordion-2281401377-label\">\n\n<p>Para altera\u00e7\u00e3o de seus dados, como nome, sobrenome ou para corre\u00e7\u00e3o de dados incorretos, como endere\u00e7o, telefone e outros, o benefici\u00e1rio titular deve possuir a documenta\u00e7\u00e3o exigida e fazer a solicita\u00e7\u00e3o atrav\u00e9s de um de nossos canais de atendimentos.<\/p>\n\n<\/div><\/div>\n<div id=\"accordion-317297314\" class=\"accordion-item\"><a id=\"accordion-317297314-label\" href=\"#\" class=\"accordion-title plain\" aria-expanded=\"false\" aria-controls=\"accordion-317297314-content\"><button class=\"toggle\" aria-label=\"Toggle\"><i class=\"icon-angle-down\"><\/i><\/button><span>O que \u00e9 car\u00eancia?<\/span><\/a><div id=\"accordion-317297314-content\" class=\"accordion-inner\" aria-labelledby=\"accordion-317297314-label\">\n\n<p>Car\u00eancia \u00e9 o tempo que voc\u00ea ter\u00e1 que esperar para ser atendido pelo plano de sa\u00fade em um determinado procedimento. Essa informa\u00e7\u00e3o consta em seu contrato e\/ou aditivo de redu\u00e7\u00e3o de car\u00eancia.<\/p>\n<p>Ap\u00f3s cumprida a car\u00eancia, o benefici\u00e1rio ter\u00e1 acesso a todos os procedimentos previstos em seu contrato e na legisla\u00e7\u00e3o, exceto eventual cobertura parcial tempor\u00e1ria por DLP (Doen\u00e7a ou Les\u00e3o Preexistente).<\/p>\n\n<\/div><\/div>\n<div id=\"accordion-3135640141\" class=\"accordion-item\"><a id=\"accordion-3135640141-label\" href=\"#\" class=\"accordion-title plain\" aria-expanded=\"false\" aria-controls=\"accordion-3135640141-content\"><button class=\"toggle\" aria-label=\"Toggle\"><i class=\"icon-angle-down\"><\/i><\/button><span>Estou em car\u00eancia e preciso de autoriza\u00e7\u00e3o, como proceder?<\/span><\/a><div id=\"accordion-3135640141-content\" class=\"accordion-inner\" aria-labelledby=\"accordion-3135640141-label\">\n\n<p>Quando existir a necessidade de atendimento dentro do per\u00edodo de car\u00eancia, a MedS\u00eanior segue a legisla\u00e7\u00e3o estabelecida pela ANS atrav\u00e9s da CONSU 13 e libera o atendimento para os seguintes casos:<\/p>\n<p>1- Nos casos de urg\u00eancia quando o motivo for acidente pessoal ou complica\u00e7\u00e3o gestacional:<\/p>\n<p>1.1- Exemplos de acidentes pessoais: acidente automobil\u00edstico \/ afogamento \/ queda de cavalo \/ fratura por queda \/ corte por faca \/ queimadura<\/p>\n<p>Fora das condi\u00e7\u00f5es acima, a MedS\u00eanior garante cobertura de urg\u00eancia e emerg\u00eancia limitada at\u00e9 as primeiras 12 (doze) horas de atendimento.<\/p>\n\n<\/div><\/div>\n<div id=\"accordion-3758811999\" class=\"accordion-item\"><a id=\"accordion-3758811999-label\" href=\"#\" class=\"accordion-title plain\" aria-expanded=\"false\" aria-controls=\"accordion-3758811999-content\"><button class=\"toggle\" aria-label=\"Toggle\"><i class=\"icon-angle-down\"><\/i><\/button><span>O que \u00e9 DLP - Doen\u00e7as ou Les\u00f5es Preexistentes?<\/span><\/a><div id=\"accordion-3758811999-content\" class=\"accordion-inner\" aria-labelledby=\"accordion-3758811999-label\">\n\n<p>Doen\u00e7as ou Les\u00f5es Preexistentes (DLP) s\u00e3o aquelas que o benefici\u00e1rio ou seu representante legal saiba ser portador ou sofredor, no momento da contrata\u00e7\u00e3o ou\u00a0ades\u00e3o ao plano. O que n\u00e3o pode acontecer \u00e9 a omiss\u00e3o. Se o benefici\u00e1rio sabe da condi\u00e7\u00e3o pr\u00e9via, mas omite na hora de preencher a declara\u00e7\u00e3o de sa\u00fade, a omiss\u00e3o \u00e9 considerada fraude e pode causar a suspens\u00e3o ou rescis\u00e3o do contrato, podendo a Operadora abrir um processo administrativo junto \u00e0 ANS.<\/p>\n\n<\/div><\/div>\n<div id=\"accordion-2941234971\" class=\"accordion-item\"><a id=\"accordion-2941234971-label\" href=\"#\" class=\"accordion-title plain\" aria-expanded=\"false\" aria-controls=\"accordion-2941234971-content\"><button class=\"toggle\" aria-label=\"Toggle\"><i class=\"icon-angle-down\"><\/i><\/button><span>O que \u00e9 CPT \u2013 Cobertura Parcial Tempor\u00e1ria?<\/span><\/a><div id=\"accordion-2941234971-content\" class=\"accordion-inner\" aria-labelledby=\"accordion-2941234971-label\">\n\n<p>CPT corresponde a uma restri\u00e7\u00e3o na cobertura do plano de sa\u00fade, que pode ser imputada pelas operadoras no caso de Doen\u00e7a ou Les\u00e3o Preexistente - DLP. Ela pode durar no m\u00e1ximo 24 meses a partir da assinatura ou ades\u00e3o contratual e s\u00f3 pode abranger cirurgias, leitos de alta tecnologia e Procedimentos de Alta Complexidade, diretamente relacionados \u00e0 doen\u00e7a ou les\u00e3o preexistente declarada pelo benefici\u00e1rio ou seu representante legal.<\/p>\n\n<\/div><\/div>\n<div id=\"accordion-950454044\" class=\"accordion-item\"><a id=\"accordion-950454044-label\" href=\"#\" class=\"accordion-title plain\" aria-expanded=\"false\" aria-controls=\"accordion-950454044-content\"><button class=\"toggle\" aria-label=\"Toggle\"><i class=\"icon-angle-down\"><\/i><\/button><span>O que \u00e9 uma situa\u00e7\u00e3o de urg\u00eancia e emerg\u00eancia?<\/span><\/a><div id=\"accordion-950454044-content\" class=\"accordion-inner\" aria-labelledby=\"accordion-950454044-label\">\n\n<p>A situa\u00e7\u00e3o de urg\u00eancia\/emerg\u00eancia \u00e9 aquela que implica em risco imediato de morte ou les\u00f5es irrepar\u00e1veis para o paciente, incluindo as resultantes de acidentes pessoais. Nestes casos, procure um dos hospitais listados em nosso Guia M\u00e9dico, conforme a rede de atendimento do seu plano.<\/p>\n\n<\/div><\/div>\n<div id=\"accordion-4141743701\" class=\"accordion-item\"><a id=\"accordion-4141743701-label\" href=\"#\" class=\"accordion-title plain\" aria-expanded=\"false\" aria-controls=\"accordion-4141743701-content\"><button class=\"toggle\" aria-label=\"Toggle\"><i class=\"icon-angle-down\"><\/i><\/button><span>Como fa\u00e7o para realizar um agendamento?<\/span><\/a><div id=\"accordion-4141743701-content\" class=\"accordion-inner\" aria-labelledby=\"accordion-4141743701-label\">\n\n<p>Para agendar consultas, exames e oficinas de sa\u00fade na nossa rede pr\u00f3pria, ligue para\u00a0<strong>4007-2001.<\/strong><\/p>\n<p>Atendimento de segunda a sexta, das 8h \u00e0s 18h.<\/p>\n\n<\/div><\/div>\n<div id=\"accordion-4241067857\" class=\"accordion-item\"><a id=\"accordion-4241067857-label\" href=\"#\" class=\"accordion-title plain\" aria-expanded=\"false\" aria-controls=\"accordion-4241067857-content\"><button class=\"toggle\" aria-label=\"Toggle\"><i class=\"icon-angle-down\"><\/i><\/button><span>Como funcionam os planos da MidS\u00eanior?<\/span><\/a><div id=\"accordion-4241067857-content\" class=\"accordion-inner\" aria-labelledby=\"accordion-4241067857-label\">\n\n<p>Os planos da MedS\u00eanior s\u00e3o estruturados de forma a a<strong>tender \u00e0s necessidades espec\u00edficas da popula\u00e7\u00e3o idosa<\/strong>, oferecendo uma ampla gama de servi\u00e7os e benef\u00edcios para garantir cuidados de sa\u00fade abrangentes e de qualidade. Vale ressaltar que os planos da MedS\u00eanior podem variar de acordo com o estado em que s\u00e3o oferecidos.<\/p>\n<h3>Planos para cada estado<\/h3>\n<p>Cada estado em que a MedS\u00eanior atua possui uma oferta de planos adaptada \u00e0s regulamenta\u00e7\u00f5es e caracter\u00edsticas locais. Dessa forma, os benefici\u00e1rios t\u00eam acesso a um plano de sa\u00fade que atenda \u00e0s suas necessidades espec\u00edficas, considerando a rede credenciada de hospitais, cl\u00ednicas e profissionais de sa\u00fade dispon\u00edveis em sua regi\u00e3o.<\/p>\n<h3>Modelos abrangentes<\/h3>\n<p>Os planos da MedS\u00eanior s\u00e3o desenvolvidos com base em modelos abrangentes, que englobam tanto a cobertura ambulatorial quanto a hospitalar, oferecendo cuidados preventivos, consultas m\u00e9dicas, exames, interna\u00e7\u00f5es e procedimentos cir\u00fargicos, quando necess\u00e1rios.\u00a0<\/p>\n<p>Essa abordagem integrada visa proporcionar um atendimento completo aos benefici\u00e1rios, garantindo que recebam os cuidados necess\u00e1rios ao longo do processo de envelhecimento.<\/p>\n<h3>Aten\u00e7\u00e3o humanizada e personalizada<\/h3>\n<p>Al\u00e9m disso, a MedS\u00eanior valoriza a aten\u00e7\u00e3o humanizada e personalizada, contando com uma equipe de profissionais especializados em geriatria e gerontologia, bem como outros especialistas em sa\u00fade, como enfermeiros, fisioterapeutas e nutricionistas.\u00a0<\/p>\n<p>Essa equipe multidisciplinar trabalha em conjunto para fornecer um cuidado hol\u00edstico e individualizado aos benefici\u00e1rios.<\/p>\n<h3>Foco na preven\u00e7\u00e3o e promo\u00e7\u00e3o da sa\u00fade<\/h3>\n<p>Outro aspecto importante dos planos da MedS\u00eanior \u00e9 o foco na preven\u00e7\u00e3o e promo\u00e7\u00e3o da sa\u00fade. A empresa investe em programas de preven\u00e7\u00e3o de doen\u00e7as, campanhas de conscientiza\u00e7\u00e3o e a\u00e7\u00f5es de promo\u00e7\u00e3o \u00e0 sa\u00fade, com o objetivo de ajudar os benefici\u00e1rios a manterem um estilo de vida saud\u00e1vel e evitar complica\u00e7\u00f5es de sa\u00fade.<\/p>\n<p>\u00c9 essencial destacar que a disponibilidade dos planos da MedS\u00eanior pode variar de acordo com o estado em que voc\u00ea reside.\u00a0<\/p>\n<p>Para obter informa\u00e7\u00f5es detalhadas sobre os planos dispon\u00edveis em sua regi\u00e3o, \u00e9 recomend\u00e1vel\u00a0<strong>entrar em contato com a Zelas Sa\u00fade<\/strong>. Nossos consultores est\u00e3o preparados para fornecer informa\u00e7\u00f5es precisas e ajudar na escolha do plano que melhor se adequa \u00e0s suas necessidades e expectativas.<\/p>\n\n<\/div><\/div>\n<div id=\"accordion-2327265361\" class=\"accordion-item\"><a id=\"accordion-2327265361-label\" href=\"#\" class=\"accordion-title plain\" aria-expanded=\"false\" aria-controls=\"accordion-2327265361-content\"><button class=\"toggle\" aria-label=\"Toggle\"><i class=\"icon-angle-down\"><\/i><\/button><span>Como funciona o reajuste?<\/span><\/a><div id=\"accordion-2327265361-content\" class=\"accordion-inner\" aria-labelledby=\"accordion-2327265361-label\">\n\n<div id=\"rd-text-liyxfybt\" class=\"bricks--component bricks--component-text rd-text\">\n<p>As mensalidades ser\u00e3o reajustadas anualmente a partir do primeiro anivers\u00e1rio do Contrato de acordo com o m\u00eas de vig\u00eancia e observar\u00e1 o \u00edndice autorizado pela\u00a0<a title=\"\" href=\"https:\/\/www.gov.br\/ans\/pt-br\" target=\"_self\" rel=\"noopener noreferrer\">ANS-Ag\u00eancia Nacional de Sa\u00fade Suplementar<\/a>.<\/p>\n<p>Os reajustes anuais abranger\u00e3o todos os benefici\u00e1rios independentemente de sua faixa et\u00e1ria.<\/p>\n<p>Tamb\u00e9m poder\u00e3o ser reajustadas as mensalidades do benefici\u00e1rio de acordo com a mudan\u00e7a na faixa-et\u00e1ria conforme quadro abaixo:<\/p>\n<\/div>\n<div id=\"rd-box-liyxqbcj\" class=\"bricks--component bricks--component-box rd-box\">\n<div id=\"rd-text-liyxqj9v\" class=\"bricks--component bricks--component-text rd-text\">\n<p>Ao completar 54 anos 10,00%<\/p>\n<\/div>\n<\/div>\n<div id=\"rd-box-liyxslpf\" class=\"bricks--component bricks--component-box rd-box\">\n<div id=\"rd-text-liyxslpg\" class=\"bricks--component bricks--component-text rd-text\">\n<p>Ao completar 59 anos 43,00%<\/p>\n<\/div>\n<\/div>\n\n<\/div><\/div>\n<div id=\"accordion-2059853432\" class=\"accordion-item\"><a id=\"accordion-2059853432-label\" href=\"#\" class=\"accordion-title plain\" aria-expanded=\"false\" aria-controls=\"accordion-2059853432-content\"><button class=\"toggle\" aria-label=\"Toggle\"><i class=\"icon-angle-down\"><\/i><\/button><span>Qual a abrang\u00eancia geogr\u00e1fica de cobertura do meu plano?<\/span><\/a><div id=\"accordion-2059853432-content\" class=\"accordion-inner\" aria-labelledby=\"accordion-2059853432-label\">\n\n<p>Abrang\u00eancia geogr\u00e1fica \u00e9 a \u00e1rea em que a operadora de plano de sa\u00fade se compromete a garantir todas as coberturas de assist\u00eancia \u00e0 sa\u00fade contratadas. Esses munic\u00edpios est\u00e3o definidos em seu contrato.<\/p>\n\n<\/div><\/div>\n<div id=\"accordion-4148159204\" class=\"accordion-item\"><a id=\"accordion-4148159204-label\" href=\"#\" class=\"accordion-title plain\" aria-expanded=\"false\" aria-controls=\"accordion-4148159204-content\"><button class=\"toggle\" aria-label=\"Toggle\"><i class=\"icon-angle-down\"><\/i><\/button><span>Se n\u00e3o houver m\u00e9dicos e estabelecimentos de sa\u00fade na minha cidade?<\/span><\/a><div id=\"accordion-4148159204-content\" class=\"accordion-inner\" aria-labelledby=\"accordion-4148159204-label\">\n\n<p>Onde n\u00e3o existir profissionais ou estabelecimentos de sa\u00fade a operadora do plano poder\u00e1 oferecer m\u00e9dicos, laborat\u00f3rios, cl\u00ednicas e hospitais nos munic\u00edpios lim\u00edtrofes.<\/p>\n<p>S\u00e3o munic\u00edpios lim\u00edtrofes aqueles \u201cvizinhos\u201d, ou seja, que possuem limite um com o outro, dentro da abrang\u00eancia geogr\u00e1fica de cobertura do plano contratado.<\/p>\n\n<\/div><\/div>\n<div id=\"accordion-2516434347\" class=\"accordion-item\"><a id=\"accordion-2516434347-label\" href=\"#\" class=\"accordion-title plain\" aria-expanded=\"false\" aria-controls=\"accordion-2516434347-content\"><button class=\"toggle\" aria-label=\"Toggle\"><i class=\"icon-angle-down\"><\/i><\/button><span>Como fa\u00e7o para encontrar um hospital, cl\u00ednica e\/ou m\u00e9dico credenciado?<\/span><\/a><div id=\"accordion-2516434347-content\" class=\"accordion-inner\" aria-labelledby=\"accordion-2516434347-label\">\n\n<p>O Guia M\u00e9dico \u00e9 o seu cat\u00e1logo de profissionais da nossa rede credenciada. Atrav\u00e9s dele voc\u00ea pode encontrar o contato do m\u00e9dico ou unidade que tem interesse. O Guia est\u00e1 dispon\u00edvel no nosso Site.<\/p>\n<p>Em seguida, basta realizar a pesquisa, selecionando seu tipo de plano e opcionalmente completando com informa\u00e7\u00f5es relacionadas ao nome do profissional, especialidade e regi\u00e3o. O Guia M\u00e9dico tamb\u00e9m est\u00e1 dispon\u00edvel no Portal do benefici\u00e1rio.<\/p>\n<a rel=\"noopener noreferrer\" href=\"https:\/\/guiamedico.medsenior.com.br\/\" target=\"_blank\" class=\"button primary reveal-icon\"  style=\"border-radius:9px;\">\n    <span>Guia Medico<\/span>\n  <i class=\"icon-checkmark\" aria-hidden=\"true\" ><\/i><\/a>\n\n\n\n<\/div><\/div>\n<div id=\"accordion-3357635617\" class=\"accordion-item\"><a id=\"accordion-3357635617-label\" href=\"#\" class=\"accordion-title plain\" aria-expanded=\"false\" aria-controls=\"accordion-3357635617-content\"><button class=\"toggle\" aria-label=\"Toggle\"><i class=\"icon-angle-down\"><\/i><\/button><span>Quais s\u00e3o os prazos de libera\u00e7\u00e3o de exames ou procedimentos?<\/span><\/a><div id=\"accordion-3357635617-content\" class=\"accordion-inner\" aria-labelledby=\"accordion-3357635617-label\">\n\n<p>As autoriza\u00e7\u00f5es seguem em conformidade ao estabelecido pela Ag\u00eancia Nacional de Sa\u00fade (ANS).<\/p>\n<p>Os prazos m\u00e1ximos estipulados para atendimento s\u00e3o: Atendimento de urg\u00eancia e emerg\u00eancia:\u00a0<strong>imediato;<\/strong><\/p>\n<p>Exames de an\u00e1lises cl\u00ednicas (laborat\u00f3rio):\u00a0<strong>3 dias (\u00fateis);<\/strong><\/p>\n<p>Consulta b\u00e1sica (cl\u00ednica m\u00e9dica, cirurgia geral e ginecologia):\u00a0<strong>7 dias (\u00fateis);<\/strong><\/p>\n<p>Fonoaudiologia, Psicologia, Terapia Ocupacional e Fisioterapia:\u00a0<strong>10 dias (\u00fateis);<\/strong><\/p>\n<p>Consulta com demais especialidades:\u00a0<strong>14 dias (\u00fateis);<\/strong><\/p>\n<p>Procedimentos de Alta Complexidade (PAC) e interna\u00e7\u00e3o eletiva (agendada):\u00a0<strong>21 dias (\u00fateis).<\/strong><\/p>\n\n<\/div><\/div>\n<div id=\"accordion-834287743\" class=\"accordion-item\"><a id=\"accordion-834287743-label\" href=\"#\" class=\"accordion-title plain\" aria-expanded=\"false\" aria-controls=\"accordion-834287743-content\"><button class=\"toggle\" aria-label=\"Toggle\"><i class=\"icon-angle-down\"><\/i><\/button><span>Como visualizar os resultados dos exames?<\/span><\/a><div id=\"accordion-834287743-content\" class=\"accordion-inner\" aria-labelledby=\"accordion-834287743-label\">\n\n<div id=\"rd-row-lj32q676\" class=\"bricks--row rd-row\">\n<div id=\"rd-column-lj32q677\" class=\"bricks--column rd-column\">\n<div>\n<div id=\"rd-text-lj32q67b\" class=\"bricks--component bricks--component-text rd-text\">\n<p>Para acessar no site o resultado dos exames feitos nos nossos n\u00facleos pr\u00f3prios.<\/p>\n<\/div>\n<\/div>\n<\/div>\n<\/div>\n<div id=\"rd-row-lj32xkuq\" class=\"bricks--row rd-row\">\n<div id=\"rd-column-lj32xmgj\" class=\"bricks--column rd-column\">\n<div>\n<div id=\"rd-image-lj32xoxc\" class=\"bricks--component bricks--component-image rd-image\"><img decoding=\"async\" src=\"https:\/\/d335luupugsy2.cloudfront.net\/cms\/files\/84239\/1690915106\/$3bp85215kfy\" alt=\"Resultado de exames\" \/><\/div>\n<\/div>\n<\/div>\n<div id=\"rd-column-lj32xkur\" class=\"bricks--column rd-column\">\n<div>\n<div id=\"rd-box-lj333o6i\" class=\"bricks--component bricks--component-box rd-box\">\n<div id=\"rd-text-lj334ngw\" class=\"bricks--component bricks--component-text rd-text\">\n<p><strong>Selecione a categoria paciente para ver o resultado.\u00a0Depois entre com seu login e senha enviados para seu\u00a0<\/strong><strong>WhatsApp, e-mail ou SMS.<\/strong><\/p>\n<\/div>\n<p><strong><a href=\"https:\/\/www.medsenior.com.br\/resultado-de-exames\" target=\"_blank\" rel=\"noopener\">CLIQUE AQUI!<\/a><\/strong><\/p>\n<\/div>\n<\/div>\n<\/div>\n<\/div>\n\n<\/div><\/div>\n<div id=\"accordion-2503605488\" class=\"accordion-item\"><a id=\"accordion-2503605488-label\" href=\"#\" class=\"accordion-title plain\" aria-expanded=\"false\" aria-controls=\"accordion-2503605488-content\"><button class=\"toggle\" aria-label=\"Toggle\"><i class=\"icon-angle-down\"><\/i><\/button><span>Como retirar o boleto MedS\u00eanior?<\/span><\/a><div id=\"accordion-2503605488-content\" class=\"accordion-inner\" aria-labelledby=\"accordion-2503605488-label\">\n\n<p>Voc\u00ea pode realizar a consulta dos seus boletos pagos e em aberto no nosso site - por meio do Portal do Benefici\u00e1rio - ou no APP, basta seguir o passo a passo abaixo:<\/p>\n<p>1\u00ba) Insira seu CPF e senha cadastrada. Clique em 2\u00aa via de boletos.<\/p>\n<p>2\u00ba) Voc\u00ea pode ver qual boleto est\u00e1 em aberto, na cor vermelha, e quais ainda vencer\u00e3o, na cor azul. Voc\u00ea tem a op\u00e7\u00e3o de baixar o boleto ou envi\u00e1-lo para seu e-mail.<\/p>\n<a href=\"https:\/\/seguranca.medsenior.com.br\/auth\/realms\/MilSeniorProd\/protocol\/openid-connect\/auth?client_id=portalcliente-web&#038;redirect_uri=https%3A%2F%2Fportaldocliente.medsenior.com.br%2Fbeneficiario&#038;state=e850f0aa-5acf-4029-8eb9-0d460085dda8&#038;response_mode=fragment&#038;response_type=code&#038;scope=openid&#038;nonce=30ce339e-8e3a-47a1-bcf4-8326364b44c7&#038;code_challenge=peMYBMDmlrnY2BNosut5C7pxGeyWKKVDId7HLSoZB5c&#038;code_challenge_method=S256\" target=\"_self\" class=\"button primary reveal-icon\"  style=\"border-radius:9px;\">\n    <span>Retirar 2\u00ba via de Boleto<\/span>\n  <i class=\"icon-checkmark\" aria-hidden=\"true\" ><\/i><\/a>\n\n\n\n<\/div><\/div>\n<div id=\"accordion-3398322220\" class=\"accordion-item\"><a id=\"accordion-3398322220-label\" href=\"#\" class=\"accordion-title plain\" aria-expanded=\"false\" aria-controls=\"accordion-3398322220-content\"><button class=\"toggle\" aria-label=\"Toggle\"><i class=\"icon-angle-down\"><\/i><\/button><span>Vencimento das mensalidades<\/span><\/a><div id=\"accordion-3398322220-content\" class=\"accordion-inner\" aria-labelledby=\"accordion-3398322220-label\">\n\n<div id=\"rd-text-lj3388vr\" class=\"bricks--component bricks--component-text rd-text\">\n<p>O vencimento das mensalidades se dar\u00e1 de acordo com a data da vig\u00eancia do contrato conforme tabela abaixo.<\/p>\n<\/div>\n<div id=\"rd-box-lj33nmnk\" class=\"bricks--component bricks--component-box rd-box\">\n<div id=\"rd-text-lj33nmnl\" class=\"bricks--component bricks--component-text rd-text\">\n<p>Vig\u00eancia de 01 a 05..............................................Vencimento todo dia 10<\/p>\n<\/div>\n<\/div>\n<div id=\"rd-box-lj33obhq\" class=\"bricks--component bricks--component-box rd-box\">\n<div id=\"rd-text-lj33obhr\" class=\"bricks--component bricks--component-text rd-text\">\n<p>Vig\u00eancia de 06 a 10..............................................Vencimento todo dia 15<\/p>\n<\/div>\n<\/div>\n<div id=\"rd-box-lj33s693\" class=\"bricks--component bricks--component-box rd-box\">\n<div id=\"rd-text-lj33s694\" class=\"bricks--component bricks--component-text rd-text\">\n<p>Vig\u00eancia de 11 a 15..............................................Vencimento todo dia 20<\/p>\n<\/div>\n<\/div>\n<div id=\"rd-box-lj33wn6n\" class=\"bricks--component bricks--component-box rd-box\">\n<div id=\"rd-text-lj33wn6o\" class=\"bricks--component bricks--component-text rd-text\">\n<p>Vig\u00eancia de 16 a 20..............................................Vencimento todo dia 25<\/p>\n<\/div>\n<\/div>\n<div id=\"rd-box-lj33y8mn\" class=\"bricks--component bricks--component-box rd-box\">\n<div id=\"rd-text-lj33y8mo\" class=\"bricks--component bricks--component-text rd-text\">\n<p>Vig\u00eancia de 21 a 25..............................................Vencimento todo dia 30<\/p>\n<\/div>\n<\/div>\n<div id=\"rd-box-lj33yk8e\" class=\"bricks--component bricks--component-box rd-box\">\n<div id=\"rd-text-lj33yk8f\" class=\"bricks--component bricks--component-text rd-text\">\n<p>Vig\u00eancia de 26 a 30\/31.......................................Vencimento todo dia 05<\/p>\n<\/div>\n<\/div>\n<div id=\"rd-text-lj33zdof\" class=\"bricks--component bricks--component-text rd-text\">\n<p>Caso deseje trocar a data de vencimento, entre em contato com o SAC MedS\u00eanior, e voc\u00ea ser\u00e1 orientado com rela\u00e7\u00e3o \u00e0s novas cobran\u00e7as.\u00a0<\/p>\n<\/div>\n\n<\/div><\/div>\n<div id=\"accordion-533576131\" class=\"accordion-item\"><a id=\"accordion-533576131-label\" href=\"#\" class=\"accordion-title plain\" aria-expanded=\"false\" aria-controls=\"accordion-533576131-content\"><button class=\"toggle\" aria-label=\"Toggle\"><i class=\"icon-angle-down\"><\/i><\/button><span>Extrato para IR<\/span><\/a><div id=\"accordion-533576131-content\" class=\"accordion-inner\" aria-labelledby=\"accordion-533576131-label\">\n\n<p>Voc\u00ea pode realizar a consulta do seu extrato para IR no nosso site - por meio do Portal do Benefici\u00e1rio - ou no APP, basta seguir o passo a passo abaixo:<\/p>\n<p>1) Insira seu CPF e Senha Cadastrada;<\/p>\n<p>2) Clique em Extrato para IR;<\/p>\n<p>3) Selecione o ano desejado e clique em baixar. Pronto!<\/p>\n<a rel=\"noopener noreferrer\" href=\"https:\/\/seguranca.medsenior.com.br\/auth\/realms\/MilSeniorProd\/protocol\/openid-connect\/auth?client_id=portalcliente-web&#038;redirect_uri=https%3A%2F%2Fportaldocliente.medsenior.com.br%2Fbeneficiario&#038;state=230bb28c-a252-4f45-93bf-66a60b15b4e2&#038;response_mode=fragment&#038;response_type=code&#038;scope=openid&#038;nonce=fbf2bde2-6e99-4c53-9459-54c8cc6f5173&#038;code_challenge=IrzYbxSlygJTYUWx-kAmzT2PjM1X7QZ2OP8p1h7iOVg&#038;code_challenge_method=S256\" target=\"_blank\" class=\"button primary reveal-icon\"  style=\"border-radius:10px;\">\n    <span>Acessar portal benefici\u00e1rio<\/span>\n  <i class=\"icon-checkmark\" aria-hidden=\"true\" ><\/i><\/a>\n\n\n\n<\/div><\/div>\n<div id=\"accordion-2964371138\" class=\"accordion-item\"><a id=\"accordion-2964371138-label\" href=\"#\" class=\"accordion-title plain\" aria-expanded=\"false\" aria-controls=\"accordion-2964371138-content\"><button class=\"toggle\" aria-label=\"Toggle\"><i class=\"icon-angle-down\"><\/i><\/button><span>Reembolso: Cancelamento e \u00d3bito<\/span><\/a><div id=\"accordion-2964371138-content\" class=\"accordion-inner\" aria-labelledby=\"accordion-2964371138-label\">\n\n<div id=\"rd-text-lj3421r6\" class=\"bricks--component bricks--component-text rd-text\">\n<h3><strong>POR CANCELAMENTO IMEDIATO<\/strong><\/h3>\n<h3><span style=\"color: #008000;\"><strong>(conforme norma RN 412 da ANS)\u00a0<\/strong><\/span><\/h3>\n<\/div>\n<div id=\"rd-text-lj34ek1t\" class=\"bricks--component bricks--component-text rd-text\">\n<p>a) Se voc\u00ea estiver adimplente, ou seja, em dia com seus pagamentos, \u00e9 permitido que fa\u00e7a o cancelamento de forma imediata. A solicita\u00e7\u00e3o deve ser realizada atrav\u00e9s do formul\u00e1rio (RN 412) pr\u00f3prio da MedS\u00eanior, o qual deve ser solicitado atrav\u00e9s de um dos nossos canais de atendimento, sendo preenchido pelo benefici\u00e1rio titular.<\/p>\n<p>b) Nesse caso, o benefici\u00e1rio titular tem direito ao reembolso proporcional da mensalidade vigente, sendo em at\u00e9 30 dias a partir da data do cancelamento.<\/p>\n<p>c) A exclus\u00e3o do benefici\u00e1rio titular acarretar\u00e1, obrigatoriamente, a exclus\u00e3o de seu(s) benefici\u00e1rio(s) dependente(s) inscrito(s) no contrato com a MedS\u00eanior.\u00a0<\/p>\n<\/div>\n<div id=\"rd-text-lj34fgds\" class=\"bricks--component bricks--component-text rd-text\">\n<h3><span style=\"color: #008000;\"><strong>POR \u00d3BITO<\/strong><\/span><\/h3>\n<\/div>\n<div id=\"rd-text-lj34gb6u\" class=\"bricks--component bricks--component-text rd-text\">\n<p>Um declarante com v\u00ednculo familiar pode informar o cancelamento do benefici\u00e1rio TITULAR por \u00f3bito atrav\u00e9s do nosso SAC, pelo telefone 0800 605 5505. Se o titular estiver adimplente, haver\u00e1 o reembolso proporcional da mensalidade vigente.<\/p>\n<\/div>\n\n<\/div><\/div>\n<div id=\"accordion-2166751048\" class=\"accordion-item\"><a id=\"accordion-2166751048-label\" href=\"#\" class=\"accordion-title plain\" aria-expanded=\"false\" aria-controls=\"accordion-2166751048-content\"><button class=\"toggle\" aria-label=\"Toggle\"><i class=\"icon-angle-down\"><\/i><\/button><span>Fale com a Medsenior<\/span><\/a><div id=\"accordion-2166751048-content\" class=\"accordion-inner\" aria-labelledby=\"accordion-2166751048-label\">\n\n<div id=\"rd-row-lj34is4f\" class=\"bricks--row rd-row\">\n<div id=\"rd-column-lj34is4g\" class=\"bricks--column rd-column\">\n<div>\n<div id=\"rd-text-lj34ji0d\" class=\"bricks--component bricks--component-text rd-text\">\n<p>Surgiu alguma d\u00favida ou problema para solucionar? Fale conosco pelos nossos canais!<\/p>\n<\/div>\n<\/div>\n<\/div>\n<\/div>\n<div id=\"rd-row-lj48r5xe\" class=\"bricks--row rd-row\">\n<div id=\"rd-column-lj48r5xf\" class=\"bricks--column rd-column\">\n<div>\n<div id=\"rd-image-lj369tay\" class=\"bricks--component bricks--component-image rd-image\"><img decoding=\"async\" src=\"https:\/\/d335luupugsy2.cloudfront.net\/cms\/files\/84239\/1687192023\/$duk0fsz0z5h\" alt=\"Chat\" \/><\/div>\n<div id=\"rd-text-lj48uccu\" class=\"bricks--component bricks--component-text rd-text\">\n<p><strong>SERVI\u00c7O DE ATENDIMENTO<\/strong><\/p>\n<\/div>\n<div id=\"rd-text-lj48s32u\" class=\"bricks--component bricks--component-text rd-text\">\n<p>\u25aa\ufe0f Consultas, exames e oficinas de sa\u00fade na nossa Rede Pr\u00f3pria Ligue para<\/p>\n<p><strong>4007-2001<\/strong>\u00a0- De segunda a sexta-feira, das 8h \u00e0s 18h<\/p>\n<p>\u25aa\ufe0f D\u00favidas urgentes, agendamentos, suporte, libera\u00e7\u00e3o de exames e outros servi\u00e7os Ligue para\u00a0<strong>4007-2001<\/strong>\u00a0- De segunda a sexta-feira, das 8h \u00e0s 18h<\/p>\n<p>\u25aa\ufe0f Em caso de d\u00favidas relacionadas aos servi\u00e7os da MedS\u00eanior Ligue para<\/p>\n<p><strong>4007-2001<\/strong>\u00a0- Das 6h40 \u00e0s 19h50<\/p>\n<p><strong>Em caso de urg\u00eancia e emerg\u00eancia, dirija-se a um dos nossos hospitais credenciados, que funcionam 24h todos os dias da semana.<\/strong><\/p>\n<\/div>\n<\/div>\n<\/div>\n<div id=\"rd-column-lj492ycs\" class=\"bricks--column rd-column\">\n<div>\n<div id=\"rd-image-lj35r6tu\" class=\"bricks--component bricks--component-image rd-image\"><img decoding=\"async\" src=\"https:\/\/d335luupugsy2.cloudfront.net\/cms\/files\/84239\/1687192023\/$g0lel25qkwu\" alt=\"Ouvidoria\" \/><\/div>\n<div id=\"rd-text-lj35t1qi\" class=\"bricks--component bricks--component-text rd-text\">\n<p><strong>OUVIDORIA<\/strong><\/p>\n<\/div>\n<div id=\"rd-text-lj35t4dt\" class=\"bricks--component bricks--component-text rd-text\">\n<p>Utilize a Ouvidoria caso a sua solicita\u00e7\u00e3o em outros canais de atendimento n\u00e3o tenha sido satisfat\u00f3ria. Estamos aqui para receber seus elogios, sugest\u00f5es e reclama\u00e7\u00f5es, para proporcionar cada dia um servi\u00e7o melhor para voc\u00ea.<\/p>\n<p>Lembre-se! Demandas urgentes dever\u00e3o ser tratadas atrav\u00e9s do nosso<\/p>\n<p><strong>SAC 0800 605 5505<\/strong>\u00a0ou da nossa Central de Atendimento no\u00a0<strong>4007-2001<\/strong>. O tempo de resposta da ouvidoria \u00e9 de at\u00e9 7 (sete) dias \u00fateis. Para entrar em contato envie um e-mail para\u00a0<strong>ouvidoria@medsenior.com.br.<\/strong><\/p>\n<\/div>\n<\/div>\n<\/div>\n<\/div>\n<div id=\"rd-row-lj35qct6\" class=\"bricks--row rd-row\">\n<div id=\"rd-column-lj36cjyn\" class=\"bricks--column rd-column\">\n<div>\n<div id=\"rd-image-lj35lfyy\" class=\"bricks--component bricks--component-image rd-image\"><img decoding=\"async\" src=\"https:\/\/d335luupugsy2.cloudfront.net\/cms\/files\/84239\/1687192023\/$kikyest1v49\" alt=\"Chat\" \/><\/div>\n<div id=\"rd-text-lj36a4g2\" class=\"bricks--component bricks--component-text rd-text\">\n<p><strong>PRONTO ATENDIMENTO VIRTUAL<\/strong><\/p>\n<\/div>\n<div id=\"rd-text-lj36afsw\" class=\"bricks--component bricks--component-text rd-text\">\n<p>Canal exclusivo para atendimento m\u00e9dico e d\u00favidas sobre sa\u00fade de forma remota.<\/p>\n<p>\u00a0<\/p>\n<p>Ligue:\u00a0<strong>0800 0800 551<\/strong>\u00a0e se consulte sem sair de casa. Ap\u00f3s a triagem, benefici\u00e1rio poder\u00e1 conversar com um profissional de sa\u00fade, tirar d\u00favidas, e, se for o caso, receber receitas m\u00e9dicas e prescri\u00e7\u00e3o de exames.<\/p>\n<\/div>\n<\/div>\n<\/div>\n<div id=\"rd-column-lj35qzd4\" class=\"bricks--column rd-column\">\n<div>\n<div id=\"rd-image-lj34nf6l\" class=\"bricks--component bricks--component-image rd-image\"><img decoding=\"async\" src=\"https:\/\/d335luupugsy2.cloudfront.net\/cms\/files\/84239\/1687192023\/$8isze9ko0oy\" alt=\"WhatsApp\" \/><\/div>\n<div id=\"rd-text-lj34o0ae\" class=\"bricks--component bricks--component-text rd-text\">\n<p><strong>WHATSAPP MEDS\u00caNIOR<\/strong><\/p>\n<p>DE SEGUNDA A SEXTA-FEIRA, DAS 8H \u00c0S 18H<\/p>\n<\/div>\n<div id=\"rd-text-lj35jwx6\" class=\"bricks--component bricks--component-text rd-text\">\n<p>Utilize esse canal para demandas e d\u00favidas urgentes, agendamentos, suporte, libera\u00e7\u00e3o de exames, dentre outros servi\u00e7os. Para falar conosco, basta adicionar o n\u00famero da MedS\u00eanior -\u00a0<strong>0800 840 5505<\/strong>\u00a0- aos seus contatos e enviar um \u201cOl\u00e1!\u201d no WhatsApp para iniciar seu atendimento. Aten\u00e7\u00e3o: nosso WhatsApp \u00e9 utilizado apenas para atendimento por mensagens.<\/p>\n<p>Hor\u00e1rio de funcionamento: De segunda a sexta-feira, das 8h \u00e0s 18h.<\/p>\n<\/div>\n<\/div>\n<\/div>\n<\/div>\n\n<\/div><\/div>\n<div id=\"accordion-480502180\" class=\"accordion-item\"><a id=\"accordion-480502180-label\" href=\"#\" class=\"accordion-title plain\" aria-expanded=\"false\" aria-controls=\"accordion-480502180-content\"><button class=\"toggle\" aria-label=\"Toggle\"><i class=\"icon-angle-down\"><\/i><\/button><span>Como funciona a rede credenciada de hospitais da MedS\u00eanior?<\/span><\/a><div id=\"accordion-480502180-content\" class=\"accordion-inner\" aria-labelledby=\"accordion-480502180-label\">\n\n<p>A rede credenciada de hospitais da MedS\u00eanior funciona de<strong>\u00a0forma integrada e abrangente<\/strong>. Por meio de parcerias estrat\u00e9gicas, a empresa estabelece acordos com uma ampla gama de institui\u00e7\u00f5es de sa\u00fade, incluindo hospitais renomados, cl\u00ednicas especializadas e laborat\u00f3rios de qualidade.<\/p>\n<p>Atrav\u00e9s dessa extensa rede, os benefici\u00e1rios dos planos MedS\u00eanior t\u00eam acesso a uma\u00a0<strong>variedade de op\u00e7\u00f5es de atendimento m\u00e9dico-hospitalar<\/strong>. Essa abrang\u00eancia permite que os pacientes escolham entre diferentes locais e profissionais de sa\u00fade, de acordo com suas necessidades e prefer\u00eancias.<\/p>\n<p>Os hospitais credenciados pela MedS\u00eanior s\u00e3o selecionados com crit\u00e9rios rigorosos, levando em considera\u00e7\u00e3o a qualidade dos servi\u00e7os oferecidos, a expertise dos profissionais, a infraestrutura adequada e o compromisso com a excel\u00eancia no atendimento aos idosos. Dessa forma, a empresa garante que seus benefici\u00e1rios tenham acesso a cuidados de sa\u00fade confi\u00e1veis e de alto padr\u00e3o.<\/p>\n\n<\/div><\/div>\n<div id=\"accordion-2375595084\" class=\"accordion-item\"><a id=\"accordion-2375595084-label\" href=\"#\" class=\"accordion-title plain\" aria-expanded=\"false\" aria-controls=\"accordion-2375595084-content\"><button class=\"toggle\" aria-label=\"Toggle\"><i class=\"icon-angle-down\"><\/i><\/button><span>Quais s\u00e3o os diferenciais da MedS\u00eanior?<\/span><\/a><div id=\"accordion-2375595084-content\" class=\"accordion-inner\" aria-labelledby=\"accordion-2375595084-label\">\n\n<p>A MedS\u00eanior se destaca por uma s\u00e9rie de diferenciais que a tornam uma op\u00e7\u00e3o diferenciada no mercado de planos de sa\u00fade para a terceira idade. A seguir, est\u00e3o alguns dos principais diferenciais da empresa:<\/p>\n<h3>Especializa\u00e7\u00e3o em sa\u00fade para idosos<\/h3>\n<p>A MedS\u00eanior possui um\u00a0<strong>foco exclusivo na sa\u00fade e bem-estar da popula\u00e7\u00e3o idosa<\/strong>. Sua expertise na \u00e1rea de geriatria e gerontologia permite oferecer cuidados de sa\u00fade personalizados e adequados \u00e0s necessidades espec\u00edficas dos idosos.<\/p>\n<h3>Atendimento integrado e multidisciplinar<\/h3>\n<p>A empresa adota uma abordagem integrada, com uma equipe multidisciplinar composta por profissionais de diversas \u00e1reas da sa\u00fade. Essa equipe trabalha de forma colaborativa para fornecer um cuidado abrangente e coordenado aos benefici\u00e1rios.<\/p>\n<h3>Rede credenciada de qualidade<\/h3>\n<p>A MedS\u00eanior mant\u00e9m parcerias com uma ampla rede credenciada de hospitais, cl\u00ednicas e profissionais de sa\u00fade. Essa rede \u00e9 selecionada com crit\u00e9rios rigorosos, garantindo a disponibilidade de servi\u00e7os de qualidade e atendimento especializado em diversas \u00e1reas da sa\u00fade.<\/p>\n<h3>Cuidado preventivo e promo\u00e7\u00e3o \u00e0 sa\u00fade<\/h3>\n<p>A empresa valoriza a preven\u00e7\u00e3o de doen\u00e7as e a promo\u00e7\u00e3o \u00e0 sa\u00fade, investindo em programas e campanhas voltados para a conscientiza\u00e7\u00e3o e ado\u00e7\u00e3o de h\u00e1bitos saud\u00e1veis pelos benefici\u00e1rios.<\/p>\n<h3>Atendimento humanizado<\/h3>\n<p>A MedS\u00eanior coloca o cuidado e o acolhimento em primeiro plano, buscando proporcionar uma experi\u00eancia de atendimento humanizada e personalizada aos benefici\u00e1rios. A empresa valoriza a empatia, a escuta ativa e o respeito \u00e0s necessidades individuais de cada paciente.<\/p>\n<h3>Compromisso com a qualidade<\/h3>\n<p>A MedS\u00eanior se compromete com a qualidade dos servi\u00e7os oferecidos, buscando aprimoramento cont\u00ednuo e cumprindo as regulamenta\u00e7\u00f5es e diretrizes estabelecidas pelos \u00f3rg\u00e3os competentes.<\/p>\n<h3>Experi\u00eancia e tradi\u00e7\u00e3o<\/h3>\n<p>Com mais de uma d\u00e9cada de atua\u00e7\u00e3o no mercado, a MedS\u00eanior possui experi\u00eancia e tradi\u00e7\u00e3o no cuidado com a sa\u00fade dos idosos, o que se reflete na qualidade de seus servi\u00e7os e no reconhecimento alcan\u00e7ado.<\/p>\n<p>Esses diferenciais combinados posicionam a MedS\u00eanior como uma op\u00e7\u00e3o atraente para os idosos que buscam um plano de sa\u00fade que atenda suas necessidades de forma abrangente, especializada e com um enfoque centrado no cuidado humanizado.<\/p>\n\n<\/div><\/div>\n<div id=\"accordion-810970041\" class=\"accordion-item\"><a id=\"accordion-810970041-label\" href=\"#\" class=\"accordion-title plain\" aria-expanded=\"false\" aria-controls=\"accordion-810970041-content\"><button class=\"toggle\" aria-label=\"Toggle\"><i class=\"icon-angle-down\"><\/i><\/button><span>Plano Medsenior \u00e9 bom?<\/span><\/a><div id=\"accordion-810970041-content\" class=\"accordion-inner\" aria-labelledby=\"accordion-810970041-label\">\n\n<p>A MedS\u00eanior recebe, em geral,\u00a0<strong>avalia\u00e7\u00f5es positivas de seus benefici\u00e1rios<\/strong>. A especializa\u00e7\u00e3o da empresa em sa\u00fade para a terceira idade, com uma equipe de profissionais especializados em geriatria e gerontologia, \u00e9 um dos aspectos mais elogiados. Os benefici\u00e1rios apreciam a abordagem personalizada e adaptada \u00e0s necessidades espec\u00edficas dos idosos.\u00a0<\/p>\n<p>Al\u00e9m disso, a ampla rede credenciada da MedS\u00eanior, composta por hospitais, cl\u00ednicas e profissionais de sa\u00fade renomados, tamb\u00e9m \u00e9 valorizada pelos benefici\u00e1rios, pois garante acesso a servi\u00e7os m\u00e9dicos de qualidade em diversas especialidades.\u00a0<\/p>\n<p>A cobertura abrangente dos planos, os programas de preven\u00e7\u00e3o e promo\u00e7\u00e3o \u00e0 sa\u00fade e a experi\u00eancia da empresa no mercado s\u00e3o outros fatores que contribuem para a avalia\u00e7\u00e3o positiva da MedS\u00eanior.\u00a0<\/p>\n\n<\/div><\/div>\n\n<\/div>\n\n\t\t<\/div>\n\t\t\t\t\n<style>\n#col-672128896 > .col-inner {\n  padding: 15px 15px 15px 15px;\n  border-radius: 25px;\n}\n<\/style>\n\t<\/div>\n\n\t\n\n<\/div>\n","protected":false},"excerpt":{"rendered":"<p>Plano MedS\u00eanior em S\u00e3o Paulo Voc\u00ea procura um plano de sa\u00fade voltado especialmente para a terceira idade? A MedS\u00eanior \u00e9 a op\u00e7\u00e3o perfeita para voc\u00ea! E agora, com a parceria com os corretores, fazer sua cota\u00e7\u00e3o ficou ainda mais f\u00e1cil e conveniente. N\u00e3o perca tempo e descubra os benef\u00edcios que a MedS\u00eanior pode oferecer para [&#8230;]\n","protected":false},"author":2,"featured_media":530,"comment_status":"closed","ping_status":"open","sticky":false,"template":"","format":"standard","meta":{"footnotes":""},"categories":[5],"tags":[],"class_list":["post-524","post","type-post","status-publish","format-standard","has-post-thumbnail","hentry","category-noticias-medsenior"],"yoast_head":"<!-- This site is optimized with the Yoast SEO plugin v25.2 - https:\/\/yoast.com\/wordpress\/plugins\/seo\/ -->\n<title>Tabela Meds\u00eanior S\u00e3o Paulo 2024 - MedS\u00eanior<\/title>\n<meta name=\"robots\" content=\"index, follow, max-snippet:-1, max-image-preview:large, max-video-preview:-1\" \/>\n<link rel=\"canonical\" href=\"https:\/\/contratarplanosdesaude.com.br\/corretora-medsenior\/tabela-medsenior-sao-paulo-2024\/\" \/>\n<meta property=\"og:locale\" content=\"pt_BR\" \/>\n<meta property=\"og:type\" content=\"article\" \/>\n<meta property=\"og:title\" content=\"Tabela Meds\u00eanior S\u00e3o Paulo 2024 - MedS\u00eanior\" \/>\n<meta property=\"og:description\" content=\"Plano MedS\u00eanior em S\u00e3o Paulo Voc\u00ea procura um plano de sa\u00fade voltado especialmente para a terceira idade? A MedS\u00eanior \u00e9 a op\u00e7\u00e3o perfeita para voc\u00ea! E agora, com a parceria com os corretores, fazer sua cota\u00e7\u00e3o ficou ainda mais f\u00e1cil e conveniente. N\u00e3o perca tempo e descubra os benef\u00edcios que a MedS\u00eanior pode oferecer para [...]\" \/>\n<meta property=\"og:url\" content=\"https:\/\/contratarplanosdesaude.com.br\/corretora-medsenior\/tabela-medsenior-sao-paulo-2024\/\" \/>\n<meta property=\"og:site_name\" content=\"MedS\u00eanior\" \/>\n<meta property=\"article:published_time\" content=\"2024-07-26T13:00:10+00:00\" \/>\n<meta property=\"article:modified_time\" content=\"2025-05-08T15:07:37+00:00\" \/>\n<meta property=\"og:image\" content=\"https:\/\/contratarplanosdesaude.com.br\/corretora-medsenior\/wp-content\/uploads\/2024\/07\/Tabela-Medsenior-Sao-Paulo-1.jpg\" \/>\n\t<meta property=\"og:image:width\" content=\"898\" \/>\n\t<meta property=\"og:image:height\" content=\"600\" \/>\n\t<meta property=\"og:image:type\" content=\"image\/jpeg\" \/>\n<meta name=\"author\" content=\"Meds\u00eanior\" \/>\n<meta name=\"twitter:card\" content=\"summary_large_image\" \/>\n<meta name=\"twitter:label1\" content=\"Escrito por\" \/>\n\t<meta name=\"twitter:data1\" content=\"Meds\u00eanior\" \/>\n\t<meta name=\"twitter:label2\" content=\"Est. tempo de leitura\" \/>\n\t<meta name=\"twitter:data2\" content=\"3 minutos\" \/>\n<script type=\"application\/ld+json\" class=\"yoast-schema-graph\">{\"@context\":\"https:\/\/schema.org\",\"@graph\":[{\"@type\":\"WebPage\",\"@id\":\"https:\/\/contratarplanosdesaude.com.br\/corretora-medsenior\/tabela-medsenior-sao-paulo-2024\/\",\"url\":\"https:\/\/contratarplanosdesaude.com.br\/corretora-medsenior\/tabela-medsenior-sao-paulo-2024\/\",\"name\":\"Tabela Meds\u00eanior S\u00e3o Paulo 2024 - MedS\u00eanior\",\"isPartOf\":{\"@id\":\"https:\/\/contratarplanosdesaude.com.br\/corretora-medsenior\/#website\"},\"primaryImageOfPage\":{\"@id\":\"https:\/\/contratarplanosdesaude.com.br\/corretora-medsenior\/tabela-medsenior-sao-paulo-2024\/#primaryimage\"},\"image\":{\"@id\":\"https:\/\/contratarplanosdesaude.com.br\/corretora-medsenior\/tabela-medsenior-sao-paulo-2024\/#primaryimage\"},\"thumbnailUrl\":\"https:\/\/contratarplanosdesaude.com.br\/corretora-medsenior\/wp-content\/uploads\/2024\/07\/Tabela-Medsenior-Sao-Paulo-1.jpg\",\"datePublished\":\"2024-07-26T13:00:10+00:00\",\"dateModified\":\"2025-05-08T15:07:37+00:00\",\"author\":{\"@id\":\"https:\/\/contratarplanosdesaude.com.br\/corretora-medsenior\/#\/schema\/person\/0694882787a572f835c73e2c0c9d6b6c\"},\"breadcrumb\":{\"@id\":\"https:\/\/contratarplanosdesaude.com.br\/corretora-medsenior\/tabela-medsenior-sao-paulo-2024\/#breadcrumb\"},\"inLanguage\":\"pt-BR\",\"potentialAction\":[{\"@type\":\"ReadAction\",\"target\":[\"https:\/\/contratarplanosdesaude.com.br\/corretora-medsenior\/tabela-medsenior-sao-paulo-2024\/\"]}]},{\"@type\":\"ImageObject\",\"inLanguage\":\"pt-BR\",\"@id\":\"https:\/\/contratarplanosdesaude.com.br\/corretora-medsenior\/tabela-medsenior-sao-paulo-2024\/#primaryimage\",\"url\":\"https:\/\/contratarplanosdesaude.com.br\/corretora-medsenior\/wp-content\/uploads\/2024\/07\/Tabela-Medsenior-Sao-Paulo-1.jpg\",\"contentUrl\":\"https:\/\/contratarplanosdesaude.com.br\/corretora-medsenior\/wp-content\/uploads\/2024\/07\/Tabela-Medsenior-Sao-Paulo-1.jpg\",\"width\":898,\"height\":600,\"caption\":\"Tabela Medsenior S\u00e3o Paulo\"},{\"@type\":\"BreadcrumbList\",\"@id\":\"https:\/\/contratarplanosdesaude.com.br\/corretora-medsenior\/tabela-medsenior-sao-paulo-2024\/#breadcrumb\",\"itemListElement\":[{\"@type\":\"ListItem\",\"position\":1,\"name\":\"In\u00edcio\",\"item\":\"https:\/\/contratarplanosdesaude.com.br\/corretora-medsenior\/\"},{\"@type\":\"ListItem\",\"position\":2,\"name\":\"Tabela Meds\u00eanior S\u00e3o Paulo 2024\"}]},{\"@type\":\"WebSite\",\"@id\":\"https:\/\/contratarplanosdesaude.com.br\/corretora-medsenior\/#website\",\"url\":\"https:\/\/contratarplanosdesaude.com.br\/corretora-medsenior\/\",\"name\":\"MedS\u00eanior\",\"description\":\"Plano de sa\u00fade S\u00eanior\",\"potentialAction\":[{\"@type\":\"SearchAction\",\"target\":{\"@type\":\"EntryPoint\",\"urlTemplate\":\"https:\/\/contratarplanosdesaude.com.br\/corretora-medsenior\/?s={search_term_string}\"},\"query-input\":{\"@type\":\"PropertyValueSpecification\",\"valueRequired\":true,\"valueName\":\"search_term_string\"}}],\"inLanguage\":\"pt-BR\"},{\"@type\":\"Person\",\"@id\":\"https:\/\/contratarplanosdesaude.com.br\/corretora-medsenior\/#\/schema\/person\/0694882787a572f835c73e2c0c9d6b6c\",\"name\":\"Meds\u00eanior\",\"image\":{\"@type\":\"ImageObject\",\"inLanguage\":\"pt-BR\",\"@id\":\"https:\/\/contratarplanosdesaude.com.br\/corretora-medsenior\/#\/schema\/person\/image\/\",\"url\":\"https:\/\/secure.gravatar.com\/avatar\/ffa83f88592219916619a81bcd17110a0d1c9a257646b821ef7674bfd3923884?s=96&d=mm&r=g\",\"contentUrl\":\"https:\/\/secure.gravatar.com\/avatar\/ffa83f88592219916619a81bcd17110a0d1c9a257646b821ef7674bfd3923884?s=96&d=mm&r=g\",\"caption\":\"Meds\u00eanior\"},\"url\":\"https:\/\/contratarplanosdesaude.com.br\/corretora-medsenior\/author\/nildo\/\"}]}<\/script>\n<!-- \/ Yoast SEO plugin. -->","yoast_head_json":{"title":"Tabela Meds\u00eanior S\u00e3o Paulo 2024 - MedS\u00eanior","robots":{"index":"index","follow":"follow","max-snippet":"max-snippet:-1","max-image-preview":"max-image-preview:large","max-video-preview":"max-video-preview:-1"},"canonical":"https:\/\/contratarplanosdesaude.com.br\/corretora-medsenior\/tabela-medsenior-sao-paulo-2024\/","og_locale":"pt_BR","og_type":"article","og_title":"Tabela Meds\u00eanior S\u00e3o Paulo 2024 - MedS\u00eanior","og_description":"Plano MedS\u00eanior em S\u00e3o Paulo Voc\u00ea procura um plano de sa\u00fade voltado especialmente para a terceira idade? A MedS\u00eanior \u00e9 a op\u00e7\u00e3o perfeita para voc\u00ea! E agora, com a parceria com os corretores, fazer sua cota\u00e7\u00e3o ficou ainda mais f\u00e1cil e conveniente. N\u00e3o perca tempo e descubra os benef\u00edcios que a MedS\u00eanior pode oferecer para [...]","og_url":"https:\/\/contratarplanosdesaude.com.br\/corretora-medsenior\/tabela-medsenior-sao-paulo-2024\/","og_site_name":"MedS\u00eanior","article_published_time":"2024-07-26T13:00:10+00:00","article_modified_time":"2025-05-08T15:07:37+00:00","og_image":[{"width":898,"height":600,"url":"https:\/\/contratarplanosdesaude.com.br\/corretora-medsenior\/wp-content\/uploads\/2024\/07\/Tabela-Medsenior-Sao-Paulo-1.jpg","type":"image\/jpeg"}],"author":"Meds\u00eanior","twitter_card":"summary_large_image","twitter_misc":{"Escrito por":"Meds\u00eanior","Est. tempo de leitura":"3 minutos"},"schema":{"@context":"https:\/\/schema.org","@graph":[{"@type":"WebPage","@id":"https:\/\/contratarplanosdesaude.com.br\/corretora-medsenior\/tabela-medsenior-sao-paulo-2024\/","url":"https:\/\/contratarplanosdesaude.com.br\/corretora-medsenior\/tabela-medsenior-sao-paulo-2024\/","name":"Tabela Meds\u00eanior S\u00e3o Paulo 2024 - MedS\u00eanior","isPartOf":{"@id":"https:\/\/contratarplanosdesaude.com.br\/corretora-medsenior\/#website"},"primaryImageOfPage":{"@id":"https:\/\/contratarplanosdesaude.com.br\/corretora-medsenior\/tabela-medsenior-sao-paulo-2024\/#primaryimage"},"image":{"@id":"https:\/\/contratarplanosdesaude.com.br\/corretora-medsenior\/tabela-medsenior-sao-paulo-2024\/#primaryimage"},"thumbnailUrl":"https:\/\/contratarplanosdesaude.com.br\/corretora-medsenior\/wp-content\/uploads\/2024\/07\/Tabela-Medsenior-Sao-Paulo-1.jpg","datePublished":"2024-07-26T13:00:10+00:00","dateModified":"2025-05-08T15:07:37+00:00","author":{"@id":"https:\/\/contratarplanosdesaude.com.br\/corretora-medsenior\/#\/schema\/person\/0694882787a572f835c73e2c0c9d6b6c"},"breadcrumb":{"@id":"https:\/\/contratarplanosdesaude.com.br\/corretora-medsenior\/tabela-medsenior-sao-paulo-2024\/#breadcrumb"},"inLanguage":"pt-BR","potentialAction":[{"@type":"ReadAction","target":["https:\/\/contratarplanosdesaude.com.br\/corretora-medsenior\/tabela-medsenior-sao-paulo-2024\/"]}]},{"@type":"ImageObject","inLanguage":"pt-BR","@id":"https:\/\/contratarplanosdesaude.com.br\/corretora-medsenior\/tabela-medsenior-sao-paulo-2024\/#primaryimage","url":"https:\/\/contratarplanosdesaude.com.br\/corretora-medsenior\/wp-content\/uploads\/2024\/07\/Tabela-Medsenior-Sao-Paulo-1.jpg","contentUrl":"https:\/\/contratarplanosdesaude.com.br\/corretora-medsenior\/wp-content\/uploads\/2024\/07\/Tabela-Medsenior-Sao-Paulo-1.jpg","width":898,"height":600,"caption":"Tabela Medsenior S\u00e3o Paulo"},{"@type":"BreadcrumbList","@id":"https:\/\/contratarplanosdesaude.com.br\/corretora-medsenior\/tabela-medsenior-sao-paulo-2024\/#breadcrumb","itemListElement":[{"@type":"ListItem","position":1,"name":"In\u00edcio","item":"https:\/\/contratarplanosdesaude.com.br\/corretora-medsenior\/"},{"@type":"ListItem","position":2,"name":"Tabela Meds\u00eanior S\u00e3o Paulo 2024"}]},{"@type":"WebSite","@id":"https:\/\/contratarplanosdesaude.com.br\/corretora-medsenior\/#website","url":"https:\/\/contratarplanosdesaude.com.br\/corretora-medsenior\/","name":"MedS\u00eanior","description":"Plano de sa\u00fade S\u00eanior","potentialAction":[{"@type":"SearchAction","target":{"@type":"EntryPoint","urlTemplate":"https:\/\/contratarplanosdesaude.com.br\/corretora-medsenior\/?s={search_term_string}"},"query-input":{"@type":"PropertyValueSpecification","valueRequired":true,"valueName":"search_term_string"}}],"inLanguage":"pt-BR"},{"@type":"Person","@id":"https:\/\/contratarplanosdesaude.com.br\/corretora-medsenior\/#\/schema\/person\/0694882787a572f835c73e2c0c9d6b6c","name":"Meds\u00eanior","image":{"@type":"ImageObject","inLanguage":"pt-BR","@id":"https:\/\/contratarplanosdesaude.com.br\/corretora-medsenior\/#\/schema\/person\/image\/","url":"https:\/\/secure.gravatar.com\/avatar\/ffa83f88592219916619a81bcd17110a0d1c9a257646b821ef7674bfd3923884?s=96&d=mm&r=g","contentUrl":"https:\/\/secure.gravatar.com\/avatar\/ffa83f88592219916619a81bcd17110a0d1c9a257646b821ef7674bfd3923884?s=96&d=mm&r=g","caption":"Meds\u00eanior"},"url":"https:\/\/contratarplanosdesaude.com.br\/corretora-medsenior\/author\/nildo\/"}]}},"_links":{"self":[{"href":"https:\/\/contratarplanosdesaude.com.br\/corretora-medsenior\/wp-json\/wp\/v2\/posts\/524","targetHints":{"allow":["GET"]}}],"collection":[{"href":"https:\/\/contratarplanosdesaude.com.br\/corretora-medsenior\/wp-json\/wp\/v2\/posts"}],"about":[{"href":"https:\/\/contratarplanosdesaude.com.br\/corretora-medsenior\/wp-json\/wp\/v2\/types\/post"}],"author":[{"embeddable":true,"href":"https:\/\/contratarplanosdesaude.com.br\/corretora-medsenior\/wp-json\/wp\/v2\/users\/2"}],"replies":[{"embeddable":true,"href":"https:\/\/contratarplanosdesaude.com.br\/corretora-medsenior\/wp-json\/wp\/v2\/comments?post=524"}],"version-history":[{"count":4,"href":"https:\/\/contratarplanosdesaude.com.br\/corretora-medsenior\/wp-json\/wp\/v2\/posts\/524\/revisions"}],"predecessor-version":[{"id":531,"href":"https:\/\/contratarplanosdesaude.com.br\/corretora-medsenior\/wp-json\/wp\/v2\/posts\/524\/revisions\/531"}],"wp:featuredmedia":[{"embeddable":true,"href":"https:\/\/contratarplanosdesaude.com.br\/corretora-medsenior\/wp-json\/wp\/v2\/media\/530"}],"wp:attachment":[{"href":"https:\/\/contratarplanosdesaude.com.br\/corretora-medsenior\/wp-json\/wp\/v2\/media?parent=524"}],"wp:term":[{"taxonomy":"category","embeddable":true,"href":"https:\/\/contratarplanosdesaude.com.br\/corretora-medsenior\/wp-json\/wp\/v2\/categories?post=524"},{"taxonomy":"post_tag","embeddable":true,"href":"https:\/\/contratarplanosdesaude.com.br\/corretora-medsenior\/wp-json\/wp\/v2\/tags?post=524"}],"curies":[{"name":"wp","href":"https:\/\/api.w.org\/{rel}","templated":true}]}}